{"id":1135,"date":"2025-03-07T12:38:07","date_gmt":"2025-03-07T11:38:07","guid":{"rendered":"https:\/\/sinodo.archimadrid.es\/?p=1135"},"modified":"2025-03-07T12:38:07","modified_gmt":"2025-03-07T11:38:07","slug":"javi-cura-de-cuenca","status":"publish","type":"post","link":"https:\/\/sinodo.archimadrid.es\/index.php\/2025\/03\/07\/javi-cura-de-cuenca\/","title":{"rendered":"Javi, cura de Cuenca"},"content":{"rendered":"<p>El viernes 21 de febrero estuve en el acto sobre la sinodalidad en el Seminario de Madrid, soy Javi, cura de Cuenca, fue muy interesante y necesario, D. Jos\u00e9 Cobo hablo con un lenguaje llano y sencillo, y sobre todo no hablo desde el trono de la jerarqu\u00eda sino desde el pueblo de Dios llano, se baj\u00f3 del trono de la jerarqu\u00eda. Los participantes hablaron con libertad donde salieron distintos temas, fueron escuchados con respeto por todos los que all\u00ed est\u00e1bamos. Percib\u00ed ciertas prisas por parte de algunos participantes para que se hiciera realidad la implementaci\u00f3n de la sinodalidad en la Iglesia, pero hay que mirar la historia de d\u00f3nde venimos y d\u00f3nde estamos. El bebe de la sinodalidad la di\u00f3cesis de Madrid lo tiene gateando, hay en otras di\u00f3cesis como la m\u00eda que ni siquiera ha nacido el bebe de la sinodalidad, por eso al finalizar el acto me acerque a saludar a D. Jos\u00e9 Cobo para darle las gracias por el acto, para animarle, porque Madrid es referencia para otras di\u00f3cesis vecinas donde se va haciendo realidad la sinodalidad poco a poco, es como el oleaje armonioso y suave del mar que poco a poco va llegando a la arena de otras playas. Va a ser un trabajo fatigoso y largo, y al mismo tiempo una alegr\u00eda. Gracias por el acto en el Seminario de Madrid, \u00e1nimo y que la gracia del Esp\u00edritu Santo nos siga ayudando e iluminando a todos.<\/p>\n","protected":false},"excerpt":{"rendered":"<p>El viernes 21 de febrero estuve en el acto sobre la sinodalidad en el Seminario de Madrid, soy Javi, cura de Cuenca, fue muy interesante y necesario, D. Jos\u00e9 Cobo hablo con un lenguaje llano y sencillo, y sobre todo no hablo desde el trono de la jerarqu\u00eda sino desde el pueblo de Dios llano, [&hellip;]<\/p>\n","protected":false},"author":2,"featured_media":1136,"comment_status":"closed","ping_status":"closed","sticky":false,"template":"","format":"standard","meta":{"_et_pb_use_builder":"","_et_pb_old_content":"","_et_gb_content_width":"","_jetpack_memberships_contains_paid_content":false,"footnotes":""},"categories":[9],"tags":[],"class_list":["post-1135","post","type-post","status-publish","format-standard","has-post-thumbnail","hentry","category-experiencias-compartidas"],"jetpack_featured_media_url":"https:\/\/sinodo.archimadrid.es\/wp-content\/uploads\/2025\/03\/Cuenca.jpg","jetpack_sharing_enabled":true,"_links":{"self":[{"href":"https:\/\/sinodo.archimadrid.es\/index.php\/wp-json\/wp\/v2\/posts\/1135","targetHints":{"allow":["GET"]}}],"collection":[{"href":"https:\/\/sinodo.archimadrid.es\/index.php\/wp-json\/wp\/v2\/posts"}],"about":[{"href":"https:\/\/sinodo.archimadrid.es\/index.php\/wp-json\/wp\/v2\/types\/post"}],"author":[{"embeddable":true,"href":"https:\/\/sinodo.archimadrid.es\/index.php\/wp-json\/wp\/v2\/users\/2"}],"replies":[{"embeddable":true,"href":"https:\/\/sinodo.archimadrid.es\/index.php\/wp-json\/wp\/v2\/comments?post=1135"}],"version-history":[{"count":1,"href":"https:\/\/sinodo.archimadrid.es\/index.php\/wp-json\/wp\/v2\/posts\/1135\/revisions"}],"predecessor-version":[{"id":1137,"href":"https:\/\/sinodo.archimadrid.es\/index.php\/wp-json\/wp\/v2\/posts\/1135\/revisions\/1137"}],"wp:featuredmedia":[{"embeddable":true,"href":"https:\/\/sinodo.archimadrid.es\/index.php\/wp-json\/wp\/v2\/media\/1136"}],"wp:attachment":[{"href":"https:\/\/sinodo.archimadrid.es\/index.php\/wp-json\/wp\/v2\/media?parent=1135"}],"wp:term":[{"taxonomy":"category","embeddable":true,"href":"https:\/\/sinodo.archimadrid.es\/index.php\/wp-json\/wp\/v2\/categories?post=1135"},{"taxonomy":"post_tag","embeddable":true,"href":"https:\/\/sinodo.archimadrid.es\/index.php\/wp-json\/wp\/v2\/tags?post=1135"}],"curies":[{"name":"wp","href":"https:\/\/api.w.org\/{rel}","templated":true}]}}