{"id":1179,"date":"2025-04-04T12:14:34","date_gmt":"2025-04-04T10:14:34","guid":{"rendered":"https:\/\/sinodo.archimadrid.es\/?p=1179"},"modified":"2026-01-26T11:52:28","modified_gmt":"2026-01-26T10:52:28","slug":"acogida-del-proceso-sinodal","status":"publish","type":"post","link":"https:\/\/sinodo.archimadrid.es\/index.php\/2025\/04\/04\/acogida-del-proceso-sinodal\/","title":{"rendered":"Propuesta de trabajo para los grupos sinodales"},"content":{"rendered":"<p>[et_pb_section fb_built=\u00bb1&#8243; fullwidth=\u00bbon\u00bb admin_label=\u00bbHeader Section\u00bb _builder_version=\u00bb4.26.0&#8243; background_color=\u00bb#dadde2&#8243; collapsed=\u00bboff\u00bb global_colors_info=\u00bb{}\u00bb][et_pb_fullwidth_header title=\u00bbPropuestas de trabajo para los grupos sinodales\u00bb text_orientation=\u00bbright\u00bb button_one_url=\u00bb@ET-DC@eyJkeW5hbWljIjp0cnVlLCJjb250ZW50IjoicG9zdF9saW5rX3VybF9wYWdlIiwic2V0dGluZ3MiOnsicG9zdF9pZCI6IjEwODAifX0=@\u00bb background_overlay_color=\u00bbRGBA(255,255,255,0)\u00bb module_id=\u00bbestamos_en_camino\u00bb _builder_version=\u00bb4.27.4&#8243; _dynamic_attributes=\u00bbbutton_one_url\u00bb title_font=\u00bbPoppins|500|||||||\u00bb title_text_align=\u00bbright\u00bb title_text_color=\u00bb#FFFFFF\u00bb title_font_size=\u00bb3vw\u00bb title_letter_spacing=\u00bb1px\u00bb title_line_height=\u00bb1.2em\u00bb content_font=\u00bb||||||||\u00bb content_text_align=\u00bbleft\u00bb subhead_font=\u00bbOswald|||on|||||\u00bb subhead_text_color=\u00bb#FFFFFF\u00bb subhead_font_size=\u00bb24px\u00bb subhead_letter_spacing=\u00bb10px\u00bb subhead_line_height=\u00bb1.4em\u00bb background_enable_color=\u00bboff\u00bb use_background_color_gradient=\u00bbon\u00bb background_color_gradient_direction=\u00bb145deg\u00bb background_color_gradient_stops=\u00bb#000000 0%|rgba(41,196,169,0) 100%\u00bb background_image=\u00bbhttps:\/\/sinodo.archimadrid.es\/wp-content\/uploads\/2025\/04\/camino.jpg\u00bb background_position=\u00bbbottom_center\u00bb custom_button_one=\u00bbon\u00bb button_one_text_color=\u00bb#FFFFFF\u00bb background_layout=\u00bblight\u00bb custom_padding=\u00bb10.7%||12.4%||false|false\u00bb animation_style=\u00bbzoom\u00bb animation_direction=\u00bbbottom\u00bb animation_intensity_zoom=\u00bb8%\u00bb title_text_shadow_style=\u00bbpreset3&#8243; title_text_shadow_horizontal_length=\u00bb0.08em\u00bb title_text_shadow_vertical_length=\u00bb0.03em\u00bb title_text_shadow_blur_strength=\u00bb0.32em\u00bb title_text_shadow_color=\u00bbrgba(12,12,12,0.15)\u00bb subhead_text_shadow_style=\u00bbpreset3&#8243; subhead_text_shadow_horizontal_length=\u00bb1em\u00bb subhead_text_shadow_vertical_length=\u00bb1em\u00bb subhead_text_shadow_blur_strength=\u00bb0.49em\u00bb text_shadow_style=\u00bbpreset3&#8243; global_colors_info=\u00bb{}\u00bb button_one_text_size__hover_enabled=\u00bboff\u00bb button_two_text_size__hover_enabled=\u00bboff\u00bb button_one_text_color__hover_enabled=\u00bboff\u00bb button_two_text_color__hover_enabled=\u00bboff\u00bb button_one_border_width__hover_enabled=\u00bboff\u00bb button_two_border_width__hover_enabled=\u00bboff\u00bb button_one_border_color__hover_enabled=\u00bboff\u00bb button_two_border_color__hover_enabled=\u00bboff\u00bb button_one_border_radius__hover_enabled=\u00bboff\u00bb button_two_border_radius__hover_enabled=\u00bboff\u00bb button_one_letter_spacing__hover_enabled=\u00bboff\u00bb button_two_letter_spacing__hover_enabled=\u00bboff\u00bb button_one_bg_color__hover_enabled=\u00bboff\u00bb button_two_bg_color__hover_enabled=\u00bboff\u00bb][\/et_pb_fullwidth_header][\/et_pb_section][et_pb_section fb_built=\u00bb1&#8243; disabled_on=\u00bboff|off|off\u00bb admin_label=\u00bbIntroducci\u00f3n\u00bb _builder_version=\u00bb4.19.1&#8243; _module_preset=\u00bbdefault\u00bb custom_padding=\u00bb9px||11px|||\u00bb collapsed=\u00bboff\u00bb global_colors_info=\u00bb{}\u00bb][et_pb_row _builder_version=\u00bb4.25.0&#8243; _module_preset=\u00bbdefault\u00bb custom_margin=\u00bb|auto|7px|auto||\u00bb global_colors_info=\u00bb{}\u00bb][et_pb_column type=\u00bb4_4&#8243; _builder_version=\u00bb4.25.0&#8243; _module_preset=\u00bbdefault\u00bb global_colors_info=\u00bb{}\u00bb][\/et_pb_column][\/et_pb_row][et_pb_row column_structure=\u00bb1_4,1_4,1_4,1_4&#8243; disabled_on=\u00bboff|off|off\u00bb _builder_version=\u00bb4.25.0&#8243; _module_preset=\u00bbdefault\u00bb custom_margin=\u00bb|auto|28px|auto||\u00bb custom_padding=\u00bb3px|||||\u00bb global_colors_info=\u00bb{}\u00bb locked=\u00bboff\u00bb][et_pb_column type=\u00bb1_4&#8243; _builder_version=\u00bb4.25.0&#8243; _module_preset=\u00bbdefault\u00bb global_colors_info=\u00bb{}\u00bb][et_pb_text _builder_version=\u00bb4.27.4&#8243; _module_preset=\u00bbdefault\u00bb global_colors_info=\u00bb{}\u00bb custom_margin=\u00bb||6px|||\u00bb custom_padding=\u00bb||23px|||\u00bb]<\/p>\n<h3 style=\"text-align: center;\">Gu\u00eda del Documento Final del S\u00ednodo de la Sinodalidad<\/h3>\n<p>&nbsp;<\/p>\n<p>[\/et_pb_text][et_pb_image src=\u00bbhttps:\/\/sinodo.archimadrid.es\/wp-content\/uploads\/2025\/10\/Documento_Final_XVI_Asamblea.jpg\u00bb title_text=\u00bbDocumento_Final_XVI_Asamblea\u00bb url=\u00bbhttps:\/\/sinodo.archimadrid.es\/wp-content\/uploads\/2025\/10\/Guia_del_Documento_Final_del_Sinodo_de_la_Sinodalidad-1.pdf\u00bb url_new_window=\u00bbon\u00bb align=\u00bbcenter\u00bb _builder_version=\u00bb4.27.4&#8243; _module_preset=\u00bbdefault\u00bb width=\u00bb71%\u00bb global_colors_info=\u00bb{}\u00bb][\/et_pb_image][\/et_pb_column][et_pb_column type=\u00bb1_4&#8243; _builder_version=\u00bb4.27.4&#8243; _module_preset=\u00bbdefault\u00bb global_colors_info=\u00bb{}\u00bb][et_pb_text _builder_version=\u00bb4.27.4&#8243; _module_preset=\u00bbdefault\u00bb global_colors_info=\u00bb{}\u00bb custom_margin=\u00bb||5px|||\u00bb custom_padding=\u00bb||25px|||\u00bb]<\/p>\n<h3 style=\"text-align: center;\">Notas sobre el Discernimiento eclesial sinodal<\/h3>\n<p>&nbsp;<\/p>\n<p>[\/et_pb_text][et_pb_image src=\u00bbhttps:\/\/sinodo.archimadrid.es\/wp-content\/uploads\/2025\/10\/Notas_sobre_Discernimiento_eclesial_sinodal.jpg\u00bb title_text=\u00bbNotas_sobre_Discernimiento_eclesial_sinodal\u00bb url=\u00bbhttps:\/\/sinodo.archimadrid.es\/wp-content\/uploads\/2025\/10\/Notas_sobre_el_Discernimiento_eclesial_sinodal.pdf\u00bb url_new_window=\u00bbon\u00bb align=\u00bbcenter\u00bb _builder_version=\u00bb4.27.4&#8243; _module_preset=\u00bbdefault\u00bb width=\u00bb71%\u00bb global_colors_info=\u00bb{}\u00bb][\/et_pb_image][\/et_pb_column][et_pb_column type=\u00bb1_4&#8243; _builder_version=\u00bb4.27.4&#8243; _module_preset=\u00bbdefault\u00bb global_colors_info=\u00bb{}\u00bb][et_pb_text _builder_version=\u00bb4.27.5&#8243; _module_preset=\u00bbdefault\u00bb custom_margin=\u00bb||1px|||\u00bb custom_padding=\u00bb||5px|||\u00bb link_option_url=\u00bbhttps:\/\/sinodo.archimadrid.es\/wp-content\/uploads\/2026\/01\/3.-HACIA-UNA-ESPIRITUALIDAD-SINODAL-1.pdf\u00bb link_option_url_new_window=\u00bbon\u00bb hover_enabled=\u00bb0&#8243; global_colors_info=\u00bb{}\u00bb min_height=\u00bb125px\u00bb sticky_enabled=\u00bb0&#8243;]<\/p>\n<h3 style=\"text-align: center;\">Hacia una espiritualidad Sinodal<\/h3>\n<p>[\/et_pb_text][et_pb_image src=\u00bbhttps:\/\/sinodo.archimadrid.es\/wp-content\/uploads\/2026\/01\/3.-HACIA-UNA-ESPIRITUALIDAD-SINODAL-1.jpg\u00bb title_text=\u00bb3.-HACIA-UNA-ESPIRITUALIDAD-SINODAL-1&#8243; url=\u00bbhttps:\/\/sinodo.archimadrid.es\/wp-content\/uploads\/2026\/01\/3.-HACIA-UNA-ESPIRITUALIDAD-SINODAL-1.pdf\u00bb url_new_window=\u00bbon\u00bb _builder_version=\u00bb4.27.5&#8243; _module_preset=\u00bbdefault\u00bb width=\u00bb64%\u00bb module_alignment=\u00bbcenter\u00bb global_colors_info=\u00bb{}\u00bb][\/et_pb_image][\/et_pb_column][et_pb_column type=\u00bb1_4&#8243; _builder_version=\u00bb4.27.4&#8243; _module_preset=\u00bbdefault\u00bb global_colors_info=\u00bb{}\u00bb][et_pb_text _builder_version=\u00bb4.27.5&#8243; _module_preset=\u00bbdefault\u00bb custom_margin=\u00bb||3px|||\u00bb link_option_url=\u00bbhttps:\/\/sinodo.archimadrid.es\/wp-content\/uploads\/2026\/01\/4.-LA-RENOVACION-DE-LOS-INSTRUMENTOS-DE-PARTICIPACION-EN-LA-IGLESIA-1.pdf\u00bb link_option_url_new_window=\u00bbon\u00bb global_colors_info=\u00bb{}\u00bb min_height=\u00bb126px\u00bb]<\/p>\n<h3 style=\"text-align: center;\">La renovaci\u00f3n de los instrumentos de participaci\u00f3n en la Iglesia<\/h3>\n<p>&nbsp;<\/p>\n<p>[\/et_pb_text][et_pb_image src=\u00bbhttps:\/\/sinodo.archimadrid.es\/wp-content\/uploads\/2026\/01\/4.-LA-RENOVACION-DE-LOS-INSTRUMENTOS-DE-PARTICIPACION-EN-LA-IGLESIA-1.jpg\u00bb title_text=\u00bb4.-LA-RENOVACION-DE-LOS-INSTRUMENTOS-DE-PARTICIPACION-EN-LA-IGLESIA-1&#8243; url=\u00bbhttps:\/\/sinodo.archimadrid.es\/wp-content\/uploads\/2026\/01\/4.-LA-RENOVACION-DE-LOS-INSTRUMENTOS-DE-PARTICIPACION-EN-LA-IGLESIA-1.pdf\u00bb url_new_window=\u00bbon\u00bb _builder_version=\u00bb4.27.5&#8243; _module_preset=\u00bbdefault\u00bb width=\u00bb64%\u00bb module_alignment=\u00bbcenter\u00bb global_colors_info=\u00bb{}\u00bb][\/et_pb_image][\/et_pb_column][\/et_pb_row][\/et_pb_section][et_pb_section fb_built=\u00bb1&#8243; disabled_on=\u00bboff|off|off\u00bb admin_label=\u00bbIntroducci\u00f3n\u00bb _builder_version=\u00bb4.19.1&#8243; _module_preset=\u00bbdefault\u00bb custom_padding=\u00bb9px||11px|||\u00bb collapsed=\u00bboff\u00bb global_colors_info=\u00bb{}\u00bb][et_pb_row column_structure=\u00bb1_3,1_3,1_3&#8243; _builder_version=\u00bb4.25.0&#8243; _module_preset=\u00bbdefault\u00bb custom_margin=\u00bb|auto|28px|auto||\u00bb custom_padding=\u00bb14px|||||\u00bb locked=\u00bboff\u00bb global_colors_info=\u00bb{}\u00bb][et_pb_column type=\u00bb1_3&#8243; _builder_version=\u00bb4.25.0&#8243; _module_preset=\u00bbdefault\u00bb global_colors_info=\u00bb{}\u00bb][\/et_pb_column][et_pb_column type=\u00bb1_3&#8243; _builder_version=\u00bb4.27.4&#8243; _module_preset=\u00bbdefault\u00bb global_colors_info=\u00bb{}\u00bb][et_pb_text _builder_version=\u00bb4.27.4&#8243; _module_preset=\u00bbdefault\u00bb global_colors_info=\u00bb{}\u00bb]<\/p>\n<h3 style=\"text-align: center;\">Documento Final de la XVI Asamblea<\/h3>\n<p><\/br>[\/et_pb_text][et_pb_image src=\u00bbhttps:\/\/sinodo.archimadrid.es\/wp-content\/uploads\/2024\/11\/Documento_Final_XVI_Asamblea.png\u00bb title_text=\u00bbDocumento_Final_XVI_Asamblea\u00bb url=\u00bbhttps:\/\/sinodo.archimadrid.es\/wp-content\/uploads\/2024\/11\/ESP-Documento-finale_traduzione-di-lavoro.pdf\u00bb url_new_window=\u00bbon\u00bb _builder_version=\u00bb4.27.4&#8243; _module_preset=\u00bbdefault\u00bb global_colors_info=\u00bb{}\u00bb][\/et_pb_image][\/et_pb_column][et_pb_column type=\u00bb1_3&#8243; _builder_version=\u00bb4.27.4&#8243; _module_preset=\u00bbdefault\u00bb global_colors_info=\u00bb{}\u00bb][\/et_pb_column][\/et_pb_row][et_pb_row _builder_version=\u00bb4.27.4&#8243; _module_preset=\u00bbdefault\u00bb global_colors_info=\u00bb{}\u00bb][et_pb_column type=\u00bb4_4&#8243; _builder_version=\u00bb4.27.4&#8243; _module_preset=\u00bbdefault\u00bb global_colors_info=\u00bb{}\u00bb][et_pb_text _builder_version=\u00bb4.27.4&#8243; _module_preset=\u00bbdefault\u00bb custom_margin=\u00bb||2px|||\u00bb global_colors_info=\u00bb{}\u00bb]<\/p>\n<h3 style=\"text-align: left;\">Orientaciones para el trabajo de los grupos sinodales<\/h3>\n<p>&nbsp;<\/p>\n<p>[\/et_pb_text][et_pb_text _builder_version=\u00bb4.27.4&#8243; _module_preset=\u00bbdefault\u00bb text_font_size=\u00bb16px\u00bb global_colors_info=\u00bb{}\u00bb]<\/p>\n<p>En la carta pastoral de nuestro arzobispo, el cardenal Jos\u00e9 Cobo, del pasado mes de septiembre, nos recordaba que \u00abla sinodalidad sigue siendo una l\u00ednea transversal en la Iglesia universal\u00bb, y nos propon\u00eda \u00abreactivar los grupos sinodales que se formaron en etapas anteriores, <span>[\u2026] recuperar los ya existentes y crear otros nuevos\u00bb<\/span>. Acogiendo la propuesta de nuestro arzobispo os animamos a avanzar en el proceso de conocimiento y formaci\u00f3n en sinodalidad, teniendo como objetivo principal el conocimiento y el estudio del Documento Final.<\/p>\n<p>Con este fin la Comisi\u00f3n del S\u00ednodo de la Conferencia Episcopal propone que todas las di\u00f3cesis, desde ahora hasta <span>diciembre de 2026, desarrollen \u201citinerarios de implementaci\u00f3n\u201d del S\u00ednodo en cada una de sus <\/span>comunidades y organizaciones, y nos ofrece un plan de trabajo y unos materiales que ir\u00e1s progresivamente encontrado en esta p\u00e1gina. En concreto para el trimestre octubre-diciembre de 2025 nos ofrece:<\/p>\n<ul>\n<li style=\"list-style-type: none;\">\n<ul>\n<li style=\"list-style-type: none;\">\n<ul>\n<li>Documento 1. Gu\u00eda final del documento final del S\u00ednodo 2021-2024.<\/li>\n<li>Documento 2. Notas sobre el discernimiento eclesial para la misi\u00f3n en un ambiente sinodal.<\/li>\n<\/ul>\n<\/li>\n<\/ul>\n<\/li>\n<\/ul>\n<p>Posteriormente, seg\u00fan se vayan haciendo p\u00fablicos iremos colgando en la p\u00e1gina los siguientes documentos, con el fin de que se puedan descolgar y trabajar en los grupos.<\/p>\n<p>Cada grupo sinodal de trabajo debe adaptar esta propuesta a sus necesidades y posibilidades con absoluta libertad, pero si os agradecer\u00edamos que nos hag\u00e1is llegar vuestras aportaciones y reflexiones<\/p>\n<p>El resto del calendario propuesto por la Conferencia Episcopal es:<\/p>\n<p><strong>Enero \u2013 marzo 2026:<\/strong><\/p>\n<ul>\n<li>La espiritualidad sinodal<\/li>\n<li>La renovaci\u00f3n de los consejos y organismos de participaci\u00f3n<\/li>\n<\/ul>\n<p><strong>Abril \u2013 junio 2026:<\/strong><\/p>\n<ul>\n<li>Rendici\u00f3n de cuentas y evaluaci\u00f3n en asuntos pastorales y econ\u00f3micos<\/li>\n<li>El acceso de los laicos y laicas a funciones de responsabilidad<\/li>\n<\/ul>\n<p><strong>Septiembre \u2013 diciembre 2026:<\/strong><\/p>\n<ul>\n<li>La renovaci\u00f3n misionera sinodal de las parroquias<\/li>\n<li>Carismas, ministerios y vocaciones en la Iglesia<\/li>\n<\/ul>\n<p>[\/et_pb_text][\/et_pb_column][\/et_pb_row][\/et_pb_section]<\/p>\n","protected":false},"excerpt":{"rendered":"<p>Gu\u00eda del Documento Final del S\u00ednodo de la Sinodalidad &nbsp;Notas sobre el Discernimiento eclesial sinodal &nbsp;Hacia una espiritualidad SinodalLa renovaci\u00f3n de los instrumentos de participaci\u00f3n en la Iglesia &nbsp;Documento Final de la XVI AsambleaOrientaciones para el trabajo de los grupos sinodales &nbsp;En la carta pastoral de nuestro arzobispo, el cardenal Jos\u00e9 Cobo, del pasado mes [&hellip;]<\/p>\n","protected":false},"author":2,"featured_media":0,"comment_status":"closed","ping_status":"closed","sticky":false,"template":"","format":"standard","meta":{"_et_pb_use_builder":"on","_et_pb_old_content":"","_et_gb_content_width":"","_jetpack_memberships_contains_paid_content":false,"footnotes":""},"categories":[10],"tags":[],"class_list":["post-1179","post","type-post","status-publish","format-standard","hentry","category-implementacion"],"jetpack_featured_media_url":"","jetpack_sharing_enabled":true,"_links":{"self":[{"href":"https:\/\/sinodo.archimadrid.es\/index.php\/wp-json\/wp\/v2\/posts\/1179","targetHints":{"allow":["GET"]}}],"collection":[{"href":"https:\/\/sinodo.archimadrid.es\/index.php\/wp-json\/wp\/v2\/posts"}],"about":[{"href":"https:\/\/sinodo.archimadrid.es\/index.php\/wp-json\/wp\/v2\/types\/post"}],"author":[{"embeddable":true,"href":"https:\/\/sinodo.archimadrid.es\/index.php\/wp-json\/wp\/v2\/users\/2"}],"replies":[{"embeddable":true,"href":"https:\/\/sinodo.archimadrid.es\/index.php\/wp-json\/wp\/v2\/comments?post=1179"}],"version-history":[{"count":17,"href":"https:\/\/sinodo.archimadrid.es\/index.php\/wp-json\/wp\/v2\/posts\/1179\/revisions"}],"predecessor-version":[{"id":1305,"href":"https:\/\/sinodo.archimadrid.es\/index.php\/wp-json\/wp\/v2\/posts\/1179\/revisions\/1305"}],"wp:attachment":[{"href":"https:\/\/sinodo.archimadrid.es\/index.php\/wp-json\/wp\/v2\/media?parent=1179"}],"wp:term":[{"taxonomy":"category","embeddable":true,"href":"https:\/\/sinodo.archimadrid.es\/index.php\/wp-json\/wp\/v2\/categories?post=1179"},{"taxonomy":"post_tag","embeddable":true,"href":"https:\/\/sinodo.archimadrid.es\/index.php\/wp-json\/wp\/v2\/tags?post=1179"}],"curies":[{"name":"wp","href":"https:\/\/api.w.org\/{rel}","templated":true}]}}