{"id":496,"date":"2022-02-03T11:30:24","date_gmt":"2022-02-03T10:30:24","guid":{"rendered":"https:\/\/sinodo.archimadrid.es\/?p=496"},"modified":"2022-02-03T11:30:59","modified_gmt":"2022-02-03T10:30:59","slug":"los-empresarios-tambien-se-suman-a-la-fase-diocesana-del-sinodo","status":"publish","type":"post","link":"https:\/\/sinodo.archimadrid.es\/index.php\/2022\/02\/03\/los-empresarios-tambien-se-suman-a-la-fase-diocesana-del-sinodo\/","title":{"rendered":"Los empresarios tambi\u00e9n se suman a la fase diocesana del S\u00ednodo"},"content":{"rendered":"<p>Los empresarios son fundamentales para \u00abelevar la dignidad de lo humano\u00bb. As\u00ed se lo traslad\u00f3 a una veintena de ellos el arzobispo de Madrid en una reuni\u00f3n con motivo de la fase diocesana del S\u00ednodo celebrada este mi\u00e9rcoles, 2 de febrero, en la sede de la Confederaci\u00f3n Empresarial de Madrid (CEIM).<\/p>\n<p>En su primera actividad p\u00fablica tras su confinamiento por coronavirus, el cardenal Carlos Osoro incidi\u00f3 en que las empresas deben tener un \u00abprotagonismo especial\u00bb en la sociedad actual y futura, y alent\u00f3 a sus dirigentes a apostar por la construcci\u00f3n de \u00abla fraternidad\u00bb, por \u00abayudarnos unos a otros\u00bb.<\/p>\n<p>Como en los encuentros celebrados <a href=\"https:\/\/www.archimadrid.org\/index.php\/oficina-de-informacion\/noticias-madrid\/politicos-de-todos-los-partidos-se-suman-a-la-fase-diocesana-del-sinodo\" target=\"_blank\" rel=\"noopener noreferrer\">con pol\u00edticos<\/a> y <a href=\"https:\/\/www.archimadrid.org\/index.php\/oficina-de-informacion\/noticias-madrid\/profesores-universitarios-alientan-a-la-iglesia-a-conectar-con-los-jovenes\" target=\"_blank\" rel=\"noopener noreferrer\">profesores universitarios<\/a>, el purpurado les plante\u00f3 \u00abqu\u00e9 es lo que desean y piden a la iglesia en estos momentos\u00bb. \u00abLa Iglesia debe apoyar m\u00e1s al empresario\u00bb o \u00abcuidar la pastoral del empresariado\u00bb son algunas de las ideas que aparecieron pronto.<\/p>\n<p>\u00abHacemos una gran labor social, creamos trabajo\u00bb y \u00abayudamos a la integraci\u00f3n de la sociedad\u00bb, remarcaron varios. \u00abY lo hacemos con un gran esfuerzo personal, familiar y patrimonial\u00bb, advirtieron en el coloquio en el que, entre otros, participaron los presidentes de CEIM, Miguel Garrido, y de Acci\u00f3n Social Empresarial (ASE), Javier Fern\u00e1ndez-Cid.<\/p>\n<p>En las cuestiones ya m\u00e1s espec\u00edficas de la Iglesia, los empresarios pidieron que esta se profesionalice \u00aben la comunicaci\u00f3n y en la utilizaci\u00f3n de los recursos\u00bb y que se acerque a \u00ablos j\u00f3venes, que han de saber qu\u00e9 hace\u00bb, al tiempo que valoraron muy positivamente el papel de C\u00e1ritas.<\/p>\n<blockquote class=\"twitter-tweet\" data-width=\"550\" data-dnt=\"true\">\n<p lang=\"es\" dir=\"ltr\">\ud83d\udccd Hoy nos hemos reunido en <a href=\"https:\/\/twitter.com\/_CEIM_?ref_src=twsrc%5Etfw\">@_CEIM_<\/a> con representantes de distintas asociaciones empresariales @somosaseb <a href=\"https:\/\/twitter.com\/cepyme_?ref_src=twsrc%5Etfw\">@cepyme_<\/a> <a href=\"https:\/\/twitter.com\/CEOE_ES?ref_src=twsrc%5Etfw\">@CEOE_ES<\/a> para dialogar con el Cardenal Arzobispo de Madrid, <a href=\"https:\/\/twitter.com\/cardenalosoro?ref_src=twsrc%5Etfw\">@cardenalosoro<\/a> en su ronda de encuentros para abordar las preocupaciones de diversas realidades sociales. <a href=\"https:\/\/t.co\/flFEXTylIG\">pic.twitter.com\/flFEXTylIG<\/a><\/p>\n<p>&mdash; CEIM (@_CEIM_) <a href=\"https:\/\/twitter.com\/_CEIM_\/status\/1488898867638812672?ref_src=twsrc%5Etfw\">February 2, 2022<\/a><\/p><\/blockquote>\n<p><script async src=\"https:\/\/platform.twitter.com\/widgets.js\" charset=\"utf-8\"><\/script><\/p>\n<div class=\"itemBody\">\n<div class=\"itemFullText\">\n<p><strong>\u00bfC\u00f3mo se puede participar en el S\u00ednodo en Madrid?<\/strong><\/p>\n<p>El Arzobispado de Madrid puso en marcha hace varios meses la p\u00e1gina web\u00a0<em><a href=\"http:\/\/www.sinodo.archimadrid.es\/\" target=\"_blank\" rel=\"noopener noreferrer\">sinodo.archimadrid.es<\/a><\/em>\u00a0para afrontar la fase diocesana del S\u00ednodo de los Obispos, que es \u00abuna oportunidad para escuchar m\u00e1s profundamente la voz del Esp\u00edritu, aumentar la participaci\u00f3n, mejorar la calidad del di\u00e1logo, discernir, fortalecer la conversi\u00f3n y animar el sentido de conexi\u00f3n con la gente y con la Iglesia local, regional y global\u00bb.<\/p>\n<p>En la p\u00e1gina, elaborada por el equipo diocesano de coordinaci\u00f3n del S\u00ednodo en colaboraci\u00f3n con Medios del Arzobispado, se incluyen las claves del camino sinodal y los materiales preparados por la Secretar\u00eda del S\u00ednodo, al tiempo que se detalla que en Madrid se quiere hacer \u00abuna consulta lo m\u00e1s amplia y veraz posible, con el fin de escuchar la voz viva de todo el Pueblo de Dios\u00bb, y que se presta especial atenci\u00f3n a los alejados.<\/p>\n<p>Con el convencimiento de que \u00abel proceso sinodal debe ser sencillo, accesible y acogedor para todos\u00bb, en la web se ofertan materiales tanto para grupos que opten por un encuentro solo como para los que quieran ahondar en m\u00e1s cuestiones en varios encuentros. Los grupos deben mandar una s\u00edntesis de las aportaciones al equipo diocesano mediante un formulario\u00a0<em>online<\/em>\u00a0ya operativo. Con todo el material recogido el equipo diocesano de coordinaci\u00f3n de la consulta, formado por los delegados de Laicos, Familia y Vida, la Comisi\u00f3n de Evangelizaci\u00f3n, un joven de la Juventud Obrera Cat\u00f3lica y Antonio \u00c1vila, elaborar\u00e1 la s\u00edntesis diocesana.<br \/>\n<\/br><\/br><\/p>\n<h4>Infomadrid \/ Foto: CEIM<\/h4>\n<\/div>\n<\/div>\n","protected":false},"excerpt":{"rendered":"<p>Los empresarios son fundamentales para \u00abelevar la dignidad de lo humano\u00bb. As\u00ed se lo traslad\u00f3 a una veintena de ellos el arzobispo de Madrid en una reuni\u00f3n con motivo de la fase diocesana del S\u00ednodo celebrada este mi\u00e9rcoles, 2 de febrero, en la sede de la Confederaci\u00f3n Empresarial de Madrid (CEIM). En su primera actividad [&hellip;]<\/p>\n","protected":false},"author":2,"featured_media":497,"comment_status":"closed","ping_status":"closed","sticky":false,"template":"","format":"standard","meta":{"_et_pb_use_builder":"","_et_pb_old_content":"","_et_gb_content_width":"","_jetpack_memberships_contains_paid_content":false,"footnotes":""},"categories":[3],"tags":[],"class_list":["post-496","post","type-post","status-publish","format-standard","has-post-thumbnail","hentry","category-noticias"],"jetpack_featured_media_url":"https:\/\/sinodo.archimadrid.es\/wp-content\/uploads\/2022\/02\/e57df1304768095c1d021f31dfa82dee_XL.jpg","jetpack_sharing_enabled":true,"_links":{"self":[{"href":"https:\/\/sinodo.archimadrid.es\/index.php\/wp-json\/wp\/v2\/posts\/496","targetHints":{"allow":["GET"]}}],"collection":[{"href":"https:\/\/sinodo.archimadrid.es\/index.php\/wp-json\/wp\/v2\/posts"}],"about":[{"href":"https:\/\/sinodo.archimadrid.es\/index.php\/wp-json\/wp\/v2\/types\/post"}],"author":[{"embeddable":true,"href":"https:\/\/sinodo.archimadrid.es\/index.php\/wp-json\/wp\/v2\/users\/2"}],"replies":[{"embeddable":true,"href":"https:\/\/sinodo.archimadrid.es\/index.php\/wp-json\/wp\/v2\/comments?post=496"}],"version-history":[{"count":2,"href":"https:\/\/sinodo.archimadrid.es\/index.php\/wp-json\/wp\/v2\/posts\/496\/revisions"}],"predecessor-version":[{"id":499,"href":"https:\/\/sinodo.archimadrid.es\/index.php\/wp-json\/wp\/v2\/posts\/496\/revisions\/499"}],"wp:featuredmedia":[{"embeddable":true,"href":"https:\/\/sinodo.archimadrid.es\/index.php\/wp-json\/wp\/v2\/media\/497"}],"wp:attachment":[{"href":"https:\/\/sinodo.archimadrid.es\/index.php\/wp-json\/wp\/v2\/media?parent=496"}],"wp:term":[{"taxonomy":"category","embeddable":true,"href":"https:\/\/sinodo.archimadrid.es\/index.php\/wp-json\/wp\/v2\/categories?post=496"},{"taxonomy":"post_tag","embeddable":true,"href":"https:\/\/sinodo.archimadrid.es\/index.php\/wp-json\/wp\/v2\/tags?post=496"}],"curies":[{"name":"wp","href":"https:\/\/api.w.org\/{rel}","templated":true}]}}