{"id":545,"date":"2022-05-09T09:31:42","date_gmt":"2022-05-09T07:31:42","guid":{"rendered":"https:\/\/sinodo.archimadrid.es\/?p=545"},"modified":"2022-05-10T12:28:57","modified_gmt":"2022-05-10T10:28:57","slug":"madrid-cierra-la-fase-diocesana-del-sinodo-con-el-deseo-de-seguir-caminando-juntos","status":"publish","type":"post","link":"https:\/\/sinodo.archimadrid.es\/index.php\/2022\/05\/09\/madrid-cierra-la-fase-diocesana-del-sinodo-con-el-deseo-de-seguir-caminando-juntos\/","title":{"rendered":"Madrid cierra la fase diocesana del S\u00ednodo con el deseo de seguir caminando juntos"},"content":{"rendered":"<p style=\"text-align: right;\"><a href=\"https:\/\/www.flickr.com\/photos\/archimadrid\/albums\/72177720298765274\" target=\"_blank\" rel=\"noopener\">Galer\u00eda de fotos <img loading=\"lazy\" decoding=\"async\" class=\"size-full wp-image-549 alignright\" src=\"https:\/\/sinodo.archimadrid.es\/wp-content\/uploads\/2022\/05\/Galeria-de-fotos.png\" alt=\"\" width=\"57\" height=\"33\" \/><\/a><\/p>\n<p>\u00ab\u00a1Celebra la vida! \u00a1Celebra la vida!\u00bb. Mientras sonaba esta canci\u00f3n a todo volumen ha entrado este s\u00e1bado, 7 de mayo, en la explanada de la catedral de Santa Mar\u00eda la Real de la Almudena una representaci\u00f3n de los participantes en la fase diocesana del S\u00ednodo. \u00abGracias de coraz\u00f3n por vuestra presencia, por vuestro trabajo y por hacer visible que caminamos juntos\u00bb, ha dicho el arzobispo de Madrid, cardenal Carlos Osoro, en el inicio del acto.<\/p>\n<p>El purpurado ha incidido en la importancia de \u00abcaminar juntos\u00bb para ver el \u00abmodo y manera de hacer verdad esas palabras que el Se\u00f1or nos dijo antes de ascender a los cielos: \u201cId al mundo y proclamad el Evangelio\u201d\u00bb. En esta \u00ab\u00e9poca nueva\u00bb, ha aseverado, se trata de hacer presente a quien es \u00abel Camino, la Verdad y la Vida\u00bb. \u00abSolo Jesucristo da sentido a la vida y a la historia y con ese convencimiento nos hemos reunido\u00bb, ha insistido.<\/p>\n<p><img loading=\"lazy\" decoding=\"async\" src=\"https:\/\/www.archimadrid.org\/images\/Images_Destacadas\/2022\/Mayo\/acto_sinodo_palabras_osoro.jpg\" alt=\"acto sinodo palabras osoro\" width=\"800\" height=\"533\" \/><\/p>\n<p>En la consulta en Madrid han participado m\u00e1s de 600 grupos, con cerca de 11.000 personas, cuyo trabajo \u00abrefleja la pluralidad de la Iglesia en Madrid y sus diferentes sensibilidades\u00bb y \u00abtambi\u00e9n la sensibilidad, las esperanzas y las preocupaciones de nuestra sociedad\u00bb, como <a href=\"https:\/\/www.youtube.com\/watch?v=tgd-DMMKSw4\" target=\"_blank\" rel=\"noopener noreferrer\">se ha escuchado en uno de los v\u00eddeos proyectados durante la tarde<\/a>. \u00abHa sido una consulta veraz, real y eficaz\u00bb, ha se\u00f1alado el periodista de COPE Mario Alcudia, que ha conducido el acto junto a su mujer, la tambi\u00e9n periodista Sandra Madrid.<\/p>\n<p>El responsable de esta fase, Antonio \u00c1vila, ha agradecido la labor del equipo coordinador y ha detallado que han le\u00eddo \u00abm\u00e1s de 3.000 folios que hay que sintetizar en diez p\u00e1ginas que tenemos que mandar a la Conferencia Episcopal\u00bb para la aportaci\u00f3n espa\u00f1ola, que ir\u00e1 a la fase continental, de septiembre de 2022 a marzo de 2023, y de ah\u00ed a la Asamblea General en Roma, en octubre de 2023. \u00abMala cosa ser\u00eda que di\u00e9ramos una patada hacia arriba\u00bb, ha advertido, pidiendo que en la propia di\u00f3cesis se gestione \u00abla riqueza de las aportaciones\u00bb.<\/p>\n<p><img loading=\"lazy\" decoding=\"async\" src=\"https:\/\/www.archimadrid.org\/images\/Images_Destacadas\/2022\/Mayo\/acto_sinodo_asistentes.jpg\" alt=\"acto sinodo asistentes\" width=\"800\" height=\"533\" \/><\/p>\n<p><strong>Pertenencia eclesial y testimonio<\/strong><\/p>\n<p>Como <a href=\"https:\/\/www.youtube.com\/watch?v=mvuMk_7Geiw\" target=\"_blank\" rel=\"noopener noreferrer\">se ha visto en otro v\u00eddeo<\/a>, en este tiempo se ha constatado que muchos no sienten una pertenencia a la Iglesia local, sino que se centran m\u00e1s en sus parroquias o movimientos, sin mirar a otros, y que hay que \u00abvivir con coherencia el Evangelio\u00bb y \u00abdar testimonio personal y comunitario\u00bb. Entre otras cosas, \u00abes clave la oraci\u00f3n y el encuentro personal con Dios\u00bb y \u00abnuestro distintivo debe ser la escucha\u00bb atenta, como \u00abforma de relacionarnos con el mundo\u00bb y \u00abrompiendo estereotipos\u00bb.<\/p>\n<p>En esta l\u00ednea, varios participantes han agradecido la experiencia de estos meses. Miriam Pons, una joven de la parroquia Nuestra Se\u00f1ora de Guadalupe, ha se\u00f1alado que ha sido \u00abuna oportunidad para sentirnos parte de la Iglesia\u00bb. Y el coordinador de la Vicar\u00eda III, Jos\u00e9 Luis Gallego, ha analizado que quiz\u00e1 a veces estamos como en un atasco en la A6, \u00abcada uno por su carril\u00bb, unos van a Burgos y otros a la Coru\u00f1a, pero que, igual que se ha visto en el S\u00ednodo, tenemos que vivir m\u00e1s al estilo del Camino de Santiago, que se recorre juntos, hacia a un mismo sitio. \u00abEl destino es el mismo. Quien nos llama es el mismo. El camino no lo hago solo porque el camino es uno. El camino es \u00c9l\u00bb, ha abundado.<\/p>\n<p><img loading=\"lazy\" decoding=\"async\" src=\"https:\/\/www.archimadrid.org\/images\/Images_Destacadas\/2022\/Mayo\/acto_sinodo_testimonios.jpg\" alt=\"acto sinodo testimonios\" width=\"800\" height=\"533\" \/><\/p>\n<p>Entre los temas que han salido en los grupos, enumerados <a href=\"https:\/\/www.youtube.com\/watch?v=RzqoC5XRp8k\" target=\"_blank\" rel=\"noopener noreferrer\">en otro v\u00eddeo<\/a>, est\u00e1n la \u00abforma de abordar autoridad\u00bb; el \u00abpapel de la mujer\u00bb; la necesidad de hacer una \u00abopci\u00f3n prioritaria\u00bb por los j\u00f3venes; la importancia se \u00absuperar el clericalismo tanto de presb\u00edteros como laicos\u00bb y generar \u00abespacios de participaci\u00f3n\u00bb; la conveniencia de \u00abrepensar nuestra forma de celebrar\u00bb para que haya celebraciones vivas y profundas; la potenciaci\u00f3n de \u00abla corresponsabilidad en la misi\u00f3n\u00bb; la valoraci\u00f3n de la \u00abpluralidad de carismas\u00bb; el di\u00e1logo con la sociedad, el cuidado de \u00abla vida matrimonial\u00bb, o \u00abformarnos en sinodalidad\u00bb.<\/p>\n<p>Tambi\u00e9n han emergido otras cuestiones, recogidas <a href=\"https:\/\/www.youtube.com\/watch?v=XT2kPZ2ZjbA\" target=\"_blank\" rel=\"noopener noreferrer\">en un \u00faltimo v\u00eddeo<\/a>, como \u00abla formaci\u00f3n en doctrina social de la Iglesia\u00bb, \u00abla acogida a divorciados y personas LGTBI\u00bb, los abusos sexuales, \u00abla austeridad y la transparencia, o \u00abel cuidado de la naturaleza\u00bb.<\/p>\n<p><img loading=\"lazy\" decoding=\"async\" src=\"https:\/\/www.archimadrid.org\/images\/Images_Destacadas\/2022\/Mayo\/acto_sinodo_osoro_cantantes.jpg\" alt=\"acto sinodo osoro cantantes\" width=\"800\" height=\"533\" \/><\/p>\n<p>Durante el acto, ha habido tambi\u00e9n espacio para la m\u00fasica con las actuaciones de Jorge Gonz\u00e1lez, la <a href=\"https:\/\/www.archimadrid.org\/index.php\/oficina-de-informacion\/noticias-madrid\/maria-diaz-leante-gana-madrid-live-talent\" target=\"_blank\" rel=\"noopener noreferrer\">ganadora de Madrid Live Talent, Mar\u00eda D\u00edaz-Leante<\/a>, o un peque\u00f1o coro formado por To\u00f1o Casado y otros participantes del concurso juvenil.<\/p>\n<p>A la conclusi\u00f3n, ha tenido lugar una Misa presida por el cardenal Osoro y concelebrada, entre otros, por los obispos auxiliares monse\u00f1or Jos\u00e9 Cobo y monse\u00f1or Jes\u00fas Vidal. En su homil\u00eda, el purpurado ha asegurado que tenemos \u00abla tarea de comunicar la Buena Noticia\u00bb y recordar que \u00absomos hijos de Dios y que, si acogemos este t\u00edtulo y lo ejercemos, somos hermanos de todos\u00bb. \u00abO lo hacemos sinodalmente o no cumpliremos la misi\u00f3n que Jesucristo Nuestro Se\u00f1or entreg\u00f3 a la Iglesia\u00bb, ha a\u00f1adido.<\/p>\n<p><img loading=\"lazy\" decoding=\"async\" src=\"https:\/\/www.archimadrid.org\/images\/Images_Destacadas\/2022\/Mayo\/acto_sinodo_misa_final.jpg\" alt=\"acto sinodo misa final\" width=\"800\" height=\"533\" \/><\/p>\n<p>Como ha destacado, hoy hay muchas voces de \u00abuna cultura dominante que aliena y manipula\u00bb y ha planteado si seremos capaces de escuchar la voz de quien cambia la vida, de quien \u00abnos dice que Dios nos ama, que Dios no nos ha abandonado\u00bb, que \u00absomos hombres y mujeres para dar vida\u00bb. \u00abIglesia, despierta. Iglesia, no te entretengas en dimes y diretes. Iglesia, sigue las huellas de Cristo\u00bb, ha exclamado.<\/p>\n<div class=\"itemBody\">\n<div class=\"itemFullText\">\n<p>En esta fase diocesana que ahora termina, el propio arzobispo se ha involucrado activamente y ha mantenido encuentros con representantes de distintos sectores de la sociedad como\u00a0<a href=\"https:\/\/www.archimadrid.org\/index.php\/oficina-de-informacion\/noticias-madrid\/politicos-de-todos-los-partidos-se-suman-a-la-fase-diocesana-del-sinodo\" target=\"_blank\" rel=\"noopener noreferrer\">pol\u00edticos<\/a>,\u00a0<a href=\"https:\/\/www.archimadrid.org\/index.php\/oficina-de-informacion\/noticias-madrid\/profesores-universitarios-alientan-a-la-iglesia-a-conectar-con-los-jovenes\" target=\"_blank\" rel=\"noopener noreferrer\">profesores de universidad<\/a>,\u00a0<a href=\"https:\/\/www.archimadrid.org\/index.php\/oficina-de-informacion\/noticias-madrid\/los-empresarios-tambien-se-suman-a-la-fase-diocesana-del-sinodo\" target=\"_blank\" rel=\"noopener noreferrer\">empresarios<\/a>,\u00a0<a href=\"https:\/\/www.archimadrid.org\/index.php\/oficina-de-informacion\/noticias-madrid\/sindicatos-y-asociaciones-de-trabajadores-participan-en-la-fase-diocesana-del-sinodo\" target=\"_blank\" rel=\"noopener noreferrer\">representantes de sindicatos<\/a>,\u00a0<a href=\"https:\/\/www.archimadrid.org\/index.php\/oficina-de-informacion\/noticias-madrid\/artistas-y-deportistas-piden-mayor-cercania-a-la-iglesia\" target=\"_blank\" rel=\"noopener noreferrer\">artistas y deportistas<\/a>\u00a0o\u00a0<a href=\"https:\/\/www.archimadrid.org\/index.php\/oficina-de-informacion\/noticias-madrid\/le-pido-a-la-iglesia-que-a-los-pobres-se-nos-llame-por-nuestro-nombre\" target=\"_blank\" rel=\"noopener noreferrer\">personas en situaci\u00f3n de vulnerabilidad<\/a>.<\/p>\n<\/div>\n<\/div>\n<div class=\"itemBody\">\n<div class=\"itemFullText\">\n<p><iframe loading=\"lazy\" title=\"Acto final de la fase diocesana del S\u00ednodo\" width=\"1080\" height=\"608\" src=\"https:\/\/www.youtube.com\/embed\/PxCYOBReMeA?feature=oembed\"  allow=\"accelerometer; autoplay; clipboard-write; encrypted-media; gyroscope; picture-in-picture\" allowfullscreen><\/iframe><\/p>\n<\/div>\n<h4><\/h4>\n<h4 style=\"text-align: right;\">Infomadrid \/ R. Pinedo \/ Fotos: Ignacio Arregui<\/h4>\n<\/div>\n","protected":false},"excerpt":{"rendered":"<p>Galer\u00eda de fotos \u00ab\u00a1Celebra la vida! \u00a1Celebra la vida!\u00bb. Mientras sonaba esta canci\u00f3n a todo volumen ha entrado este s\u00e1bado, 7 de mayo, en la explanada de la catedral de Santa Mar\u00eda la Real de la Almudena una representaci\u00f3n de los participantes en la fase diocesana del S\u00ednodo. \u00abGracias de coraz\u00f3n por vuestra presencia, por [&hellip;]<\/p>\n","protected":false},"author":2,"featured_media":546,"comment_status":"closed","ping_status":"closed","sticky":false,"template":"","format":"standard","meta":{"_et_pb_use_builder":"","_et_pb_old_content":"","_et_gb_content_width":"","_jetpack_memberships_contains_paid_content":false,"footnotes":""},"categories":[3],"tags":[],"class_list":["post-545","post","type-post","status-publish","format-standard","has-post-thumbnail","hentry","category-noticias"],"jetpack_featured_media_url":"https:\/\/sinodo.archimadrid.es\/wp-content\/uploads\/2022\/05\/acto_sinodo_entrada_osoro_participantes-1.jpg","jetpack_sharing_enabled":true,"_links":{"self":[{"href":"https:\/\/sinodo.archimadrid.es\/index.php\/wp-json\/wp\/v2\/posts\/545","targetHints":{"allow":["GET"]}}],"collection":[{"href":"https:\/\/sinodo.archimadrid.es\/index.php\/wp-json\/wp\/v2\/posts"}],"about":[{"href":"https:\/\/sinodo.archimadrid.es\/index.php\/wp-json\/wp\/v2\/types\/post"}],"author":[{"embeddable":true,"href":"https:\/\/sinodo.archimadrid.es\/index.php\/wp-json\/wp\/v2\/users\/2"}],"replies":[{"embeddable":true,"href":"https:\/\/sinodo.archimadrid.es\/index.php\/wp-json\/wp\/v2\/comments?post=545"}],"version-history":[{"count":5,"href":"https:\/\/sinodo.archimadrid.es\/index.php\/wp-json\/wp\/v2\/posts\/545\/revisions"}],"predecessor-version":[{"id":555,"href":"https:\/\/sinodo.archimadrid.es\/index.php\/wp-json\/wp\/v2\/posts\/545\/revisions\/555"}],"wp:featuredmedia":[{"embeddable":true,"href":"https:\/\/sinodo.archimadrid.es\/index.php\/wp-json\/wp\/v2\/media\/546"}],"wp:attachment":[{"href":"https:\/\/sinodo.archimadrid.es\/index.php\/wp-json\/wp\/v2\/media?parent=545"}],"wp:term":[{"taxonomy":"category","embeddable":true,"href":"https:\/\/sinodo.archimadrid.es\/index.php\/wp-json\/wp\/v2\/categories?post=545"},{"taxonomy":"post_tag","embeddable":true,"href":"https:\/\/sinodo.archimadrid.es\/index.php\/wp-json\/wp\/v2\/tags?post=545"}],"curies":[{"name":"wp","href":"https:\/\/api.w.org\/{rel}","templated":true}]}}