{"id":774,"date":"2022-12-12T13:23:04","date_gmt":"2022-12-12T12:23:04","guid":{"rendered":"https:\/\/sinodo.archimadrid.es\/?p=774"},"modified":"2022-12-14T13:23:40","modified_gmt":"2022-12-14T12:23:40","slug":"madrid-se-suma-a-la-fase-continental-del-sinodo","status":"publish","type":"post","link":"https:\/\/sinodo.archimadrid.es\/index.php\/2022\/12\/12\/madrid-se-suma-a-la-fase-continental-del-sinodo\/","title":{"rendered":"Madrid se suma a la fase continental del S\u00ednodo"},"content":{"rendered":"<p>El pasado mes de mayo, la Iglesia en Madrid <a href=\"https:\/\/www.archimadrid.org\/index.php\/oficina-de-informacion\/noticias-madrid\/madrid-cierra-la-fase-diocesana-del-sinodo-con-el-deseo-de-seguir-caminando-juntos\" target=\"_blank\" rel=\"noopener noreferrer\">clausur\u00f3 la fase diocesana del S\u00ednodo con el deseo de seguir caminando juntos<\/a>. Cerrada la posterior fase nacional, la archidi\u00f3cesis ahora se involucra en la fase continental, que se desarrollar\u00e1 hasta febrero de 2023.<\/p>\n<p>Los d\u00edas 5 al 10 de febrero tendr\u00e1 lugar en Praga la Conferencia Episcopal Europea a fin de elaborar las aportaciones que se mandar\u00e1n a la Secretar\u00eda General del S\u00ednodo de cara a la Asamblea General en Roma. Para dicho encuentro, la Secretar\u00eda General del S\u00ednodo va a elaborar un <em>instrumentum laboris<\/em> a partir de las sugerencias y aportaciones de las distintas conferencias episcopales y de las di\u00f3cesis europeas.<\/p>\n<p>Por ello, estas semanas en Madrid se ha abierto un nuevo periodo de reflexi\u00f3n que se prolongar\u00e1 hasta el 13 de enero. Los grupos ya pueden <a href=\"https:\/\/sinodo.archimadrid.es\/index.php\/fase-continental\/\" target=\"_blank\" rel=\"noopener noreferrer\">leer los materiales y responder a un formulario a trav\u00e9s de la web <em>sinodo.archimadrid.es<\/em><\/a>. Adem\u00e1s, el arzobispo de Madrid, cardenal Carlos Osoro, ha convocado un encuentro de todos los consejos diocesanos el pr\u00f3ximo 19 de diciembre.<\/p>\n<p style=\"text-align: right;\">Infomadrid<\/p>\n","protected":false},"excerpt":{"rendered":"<p>El pasado mes de mayo, la Iglesia en Madrid clausur\u00f3 la fase diocesana del S\u00ednodo con el deseo de seguir caminando juntos. Cerrada la posterior fase nacional, la archidi\u00f3cesis ahora se involucra en la fase continental, que se desarrollar\u00e1 hasta febrero de 2023. Los d\u00edas 5 al 10 de febrero tendr\u00e1 lugar en Praga la [&hellip;]<\/p>\n","protected":false},"author":2,"featured_media":775,"comment_status":"closed","ping_status":"closed","sticky":false,"template":"","format":"standard","meta":{"_et_pb_use_builder":"","_et_pb_old_content":"","_et_gb_content_width":"","_jetpack_memberships_contains_paid_content":false,"footnotes":""},"categories":[3],"tags":[],"class_list":["post-774","post","type-post","status-publish","format-standard","has-post-thumbnail","hentry","category-noticias"],"jetpack_featured_media_url":"https:\/\/sinodo.archimadrid.es\/wp-content\/uploads\/2022\/12\/d27db81898bb796e155ff09d5c4bf22c_XL.jpg","jetpack_sharing_enabled":true,"_links":{"self":[{"href":"https:\/\/sinodo.archimadrid.es\/index.php\/wp-json\/wp\/v2\/posts\/774","targetHints":{"allow":["GET"]}}],"collection":[{"href":"https:\/\/sinodo.archimadrid.es\/index.php\/wp-json\/wp\/v2\/posts"}],"about":[{"href":"https:\/\/sinodo.archimadrid.es\/index.php\/wp-json\/wp\/v2\/types\/post"}],"author":[{"embeddable":true,"href":"https:\/\/sinodo.archimadrid.es\/index.php\/wp-json\/wp\/v2\/users\/2"}],"replies":[{"embeddable":true,"href":"https:\/\/sinodo.archimadrid.es\/index.php\/wp-json\/wp\/v2\/comments?post=774"}],"version-history":[{"count":1,"href":"https:\/\/sinodo.archimadrid.es\/index.php\/wp-json\/wp\/v2\/posts\/774\/revisions"}],"predecessor-version":[{"id":776,"href":"https:\/\/sinodo.archimadrid.es\/index.php\/wp-json\/wp\/v2\/posts\/774\/revisions\/776"}],"wp:featuredmedia":[{"embeddable":true,"href":"https:\/\/sinodo.archimadrid.es\/index.php\/wp-json\/wp\/v2\/media\/775"}],"wp:attachment":[{"href":"https:\/\/sinodo.archimadrid.es\/index.php\/wp-json\/wp\/v2\/media?parent=774"}],"wp:term":[{"taxonomy":"category","embeddable":true,"href":"https:\/\/sinodo.archimadrid.es\/index.php\/wp-json\/wp\/v2\/categories?post=774"},{"taxonomy":"post_tag","embeddable":true,"href":"https:\/\/sinodo.archimadrid.es\/index.php\/wp-json\/wp\/v2\/tags?post=774"}],"curies":[{"name":"wp","href":"https:\/\/api.w.org\/{rel}","templated":true}]}}